{"id":985,"date":"2019-06-18T11:29:12","date_gmt":"2019-06-18T11:29:12","guid":{"rendered":"https:\/\/pastos.es\/?p=985"},"modified":"2019-06-18T11:29:22","modified_gmt":"2019-06-18T11:29:22","slug":"premian-a-nuestro-presidente-jesus-garzon-desde-la-fundacion-de-estudios-rurales-por-ser-el-mayor-defensor-de-la-trashumancia","status":"publish","type":"post","link":"https:\/\/pastos.es\/?p=985","title":{"rendered":"PREMIAN A NUESTRO PRESIDENTE JESUS GARZON DESDE LA FUNDACION DE ESTUDIOS RURALES POR SER EL MAYOR DEFENSOR DE LA TRASHUMANCIA"},"content":{"rendered":"<div id=\"js_3cw\" class=\"_5pbx userContent _3576\" data-testid=\"post_message\" data-ft=\"{&quot;tn&quot;:&quot;K&quot;}\">\n<p><strong><span style=\"font-size: 11.5pt; font-family: 'Arial','sans-serif';\">El pr\u00f3ximo 20 de junio, la Fundaci\u00f3n de Estudios Rurales y la Uni\u00f3n de Peque\u00f1os Agricultores y Ganaderos presentar\u00e1n en Madrid la edici\u00f3n 2019 del Anuario de la Agricultura Familiar en Espa\u00f1a.<\/span><\/strong><\/p>\n<p><span style=\"font-size: 11.5pt; font-family: 'Arial','sans-serif';\">En el evento se entregar\u00e1n tambi\u00e9n los premios que otorga cada a\u00f1o la Fundaci\u00f3n de Estudios Rurales a personas reconocidas por su trabajo de defensa del mundo rural.<\/span><\/p>\n<p><span style=\"font-size: 11.5pt; font-family: 'Arial','sans-serif';\">Este a\u00f1o el tema central de debate ser\u00e1 &#8220;Un nuevo compromiso social con el mundo rural. Otro futuro es posible&#8221;.<\/span><\/p>\n<p><span class=\"_5mfr\"><span class=\"_6qdm\">?<\/span><\/span><span class=\"_5mfr\"><span class=\"_6qdm\">?<\/span><\/span><span class=\"_5mfr\"><span class=\"_6qdm\">?<\/span><\/span> *Jes\u00fas Garz\u00f3n* Orgullo Rural. Orgullo trashumante.<br \/>\nLa Fundaci\u00f3n de Estudios Rurales premia al mayor defensor de la trashumancia, el paradigma de actividad sostenible <a href=\"https:\/\/bit.ly\/2MRYWjx?fbclid=IwAR0Bl0Ol43ugSQVamCQRRlRHNd0SGiVMeDrFaeJxoUSRflk4v9YNwKVe8XY\" target=\"_blank\" rel=\"noopener nofollow\" data-ft=\"{&quot;tn&quot;:&quot;-U&quot;}\" data-lynx-mode=\"async\" data-lynx-uri=\"https:\/\/l.facebook.com\/l.php?u=https%3A%2F%2Fbit.ly%2F2MRYWjx%3Ffbclid%3DIwAR0Bl0Ol43ugSQVamCQRRlRHNd0SGiVMeDrFaeJxoUSRflk4v9YNwKVe8XY&amp;h=AT2FzxcjnG3Rc0OppJbJ6XQEDUP3-APPhO1Ab5j3WbLFI5zJw1IDjmT8lChaXUDEdLf9hQNAKSAt2wfiRlPsLCB9BdJQkOp4ZyXHT-eA793cob1lksXkSmHQ7funIrN8Bl5cYoSoH3BdE60XOvkGWMqjpSUS-t546RB4MUFq6GK-VnUxmJ86-ponI1fN-DWd3-jNIoVKGVqGPdjYamADhmU7RfpYvI2vzRv_hNR6256aP4Dl8qUXcM89DWEtIw3IXCuhY9KU1rL5Ymyw9xBbmuC8PotZJuRJdK7VKCkwFH8MRMXAOOdM-ZWE9BPJfOu4EhgNJkVdOvgG2AbiDhp4IfnoLH0di13NzxbLdeL3gwMC8O66oiAd-PkV9rogZ9q2HlBS3Mqf1b4Z9qx5UG_woP4FMs0OzAZZu_agURVZ1eFO-eK8q49Wj3su-wEp2TqCIECkcyg39-hX9Rtx4ZV3my2goR-eA9CJW0Y24UAzMwBHMAEqjKAMT9g3DBjcylJb3Ai47csaef7okoWy5dM_5ENIXLCY7ZAwDdGpL67C6LpVnlGmHwTqBgTDmGUK1A5aThOrMtXstVz812ZT2mGEoudlYK8FKqIFu9sOGIoEtEuFU2bZ8ipccd4lZMcuJ8aSxeQ\">http:\/\/bit.ly\/2MRYWjx<\/a><\/p>\n<\/div>\n<p>PROGRAMA:\u00a0https:\/\/www.upa.es\/anuario-2019\/Anuario-FER-2019-Programa.pdf<\/p>\n<p>&nbsp;<\/p>\n","protected":false},"excerpt":{"rendered":"<p>El pr\u00f3ximo 20 de junio, la Fundaci\u00f3n de Estudios Rurales y la Uni\u00f3n de Peque\u00f1os Agricultores y Ganaderos presentar\u00e1n en Madrid la edici\u00f3n 2019 del Anuario de la Agricultura Familiar en Espa\u00f1a. En el evento se entregar\u00e1n tambi\u00e9n los premios que otorga cada a\u00f1o la Fundaci\u00f3n de Estudios Rurales a personas reconocidas por su trabajo [&hellip;]<\/p>\n","protected":false},"author":1,"featured_media":986,"comment_status":"open","ping_status":"open","sticky":false,"template":"","format":"standard","meta":{"_et_pb_use_builder":"","_et_pb_old_content":"","footnotes":""},"categories":[5,1],"tags":[],"_links":{"self":[{"href":"https:\/\/pastos.es\/index.php?rest_route=\/wp\/v2\/posts\/985"}],"collection":[{"href":"https:\/\/pastos.es\/index.php?rest_route=\/wp\/v2\/posts"}],"about":[{"href":"https:\/\/pastos.es\/index.php?rest_route=\/wp\/v2\/types\/post"}],"author":[{"embeddable":true,"href":"https:\/\/pastos.es\/index.php?rest_route=\/wp\/v2\/users\/1"}],"replies":[{"embeddable":true,"href":"https:\/\/pastos.es\/index.php?rest_route=%2Fwp%2Fv2%2Fcomments&post=985"}],"version-history":[{"count":1,"href":"https:\/\/pastos.es\/index.php?rest_route=\/wp\/v2\/posts\/985\/revisions"}],"predecessor-version":[{"id":987,"href":"https:\/\/pastos.es\/index.php?rest_route=\/wp\/v2\/posts\/985\/revisions\/987"}],"wp:featuredmedia":[{"embeddable":true,"href":"https:\/\/pastos.es\/index.php?rest_route=\/wp\/v2\/media\/986"}],"wp:attachment":[{"href":"https:\/\/pastos.es\/index.php?rest_route=%2Fwp%2Fv2%2Fmedia&parent=985"}],"wp:term":[{"taxonomy":"category","embeddable":true,"href":"https:\/\/pastos.es\/index.php?rest_route=%2Fwp%2Fv2%2Fcategories&post=985"},{"taxonomy":"post_tag","embeddable":true,"href":"https:\/\/pastos.es\/index.php?rest_route=%2Fwp%2Fv2%2Ftags&post=985"}],"curies":[{"name":"wp","href":"https:\/\/api.w.org\/{rel}","templated":true}]}}