{"id":976,"date":"2019-05-03T08:31:34","date_gmt":"2019-05-03T08:31:34","guid":{"rendered":"https:\/\/pastos.es\/?p=976"},"modified":"2019-05-03T08:50:59","modified_gmt":"2019-05-03T08:50:59","slug":"jornada-sobre-ganaderia-y-pastoreo-sostenible-en-europa-mediterranea","status":"publish","type":"post","link":"https:\/\/pastos.es\/?p=976","title":{"rendered":"Jornada sobre ganader\u00eda y pastoreo sostenible en Europa Mediterr\u00e1nea"},"content":{"rendered":"<p>La Asociaci\u00f3n Trashumancia y Naturaleza, con el apoyo de la red de innovaci\u00f3n de la Comisi\u00f3n EIP-AGRI, la red rural portuguesa y los socios del proyecto Dehesa\/Montado en la Pen\u00ednsula Ib\u00e9rica (la Associa\u00e7\u00e3o Natureza Portugal\u00a0y WWF\/Adena Espa\u00f1a) est\u00e1 preparando una jornada sobre ganader\u00eda y pastoreo sostenible en Europa Mediterr\u00e1nea (Sustainable livestock grazing management in Mediterranean Europe).<\/p>\n<p>Las jornada tendr\u00e1 lugar en Elvas (Portugal) los pr\u00f3ximos 16 y 17 de mayo y la participaci\u00f3n es por invitaci\u00f3n al grupo de trabajo.<\/p>\n<p>Se presentar\u00e1n, por parte de los productores, casos de Espa\u00f1a, Portugal, Italia, Ruman\u00eda, Francia y la situaci\u00f3n en Bulgaria. La visita de campo ser\u00e1 en la finca de Defensinhas.<\/p>\n<p>Los objetivos del encuentro son:<\/p>\n<p>Capitalizar el conocimiento, las pr\u00e1cticas, y las experiencias de los productores para resolver necesidades y contribuir as\u00ed a la transferencia de conocimientos relacionados con la gesti\u00f3n sostenible del pastoreo y la ganader\u00eda extensiva en el Mediterr\u00e1neo y su ecosistema productivo.<\/p>\n<ul>\n<li>Intercambio de pr\u00e1cticas inspiradoras relacionadas con el manejo adaptativo y hol\u00edstico, el manejo extensivo del ganado, el pastoreo sostenible, y pr\u00e1cticas similares que abordan problemas de suelo y otros recursos productivos .<\/li>\n<\/ul>\n<ul>\n<li>Creaci\u00f3n de redes y facilitaci\u00f3n de posibles colaboraciones, apoyo mutuo, intercambio de asesoramiento y alianzas.<\/li>\n<\/ul>\n<p>Si est\u00e1s interesad@ en la informaci\u00f3n de los casos que se presentar\u00e1n, y quieres que te incluyamos en la lista de difusi\u00f3n por favor escr\u00edbenos a\u00a0pastores.sinfronteras@pastos.es\u00a0y tras el evento os haremos llegar los materiales.<\/p>\n<p>&nbsp;<\/p>\n<p>&nbsp;<\/p>\n","protected":false},"excerpt":{"rendered":"<p>La Asociaci\u00f3n Trashumancia y Naturaleza, con el apoyo de la red de innovaci\u00f3n de la Comisi\u00f3n EIP-AGRI, la red rural portuguesa y los socios del proyecto Dehesa\/Montado en la Pen\u00ednsula Ib\u00e9rica (la Associa\u00e7\u00e3o Natureza Portugal\u00a0y WWF\/Adena Espa\u00f1a) est\u00e1 preparando una jornada sobre ganader\u00eda y pastoreo sostenible en Europa Mediterr\u00e1nea (Sustainable livestock grazing management in Mediterranean [&hellip;]<\/p>\n","protected":false},"author":1,"featured_media":977,"comment_status":"open","ping_status":"open","sticky":false,"template":"","format":"standard","meta":{"_et_pb_use_builder":"","_et_pb_old_content":"","footnotes":""},"categories":[5],"tags":[],"_links":{"self":[{"href":"https:\/\/pastos.es\/index.php?rest_route=\/wp\/v2\/posts\/976"}],"collection":[{"href":"https:\/\/pastos.es\/index.php?rest_route=\/wp\/v2\/posts"}],"about":[{"href":"https:\/\/pastos.es\/index.php?rest_route=\/wp\/v2\/types\/post"}],"author":[{"embeddable":true,"href":"https:\/\/pastos.es\/index.php?rest_route=\/wp\/v2\/users\/1"}],"replies":[{"embeddable":true,"href":"https:\/\/pastos.es\/index.php?rest_route=%2Fwp%2Fv2%2Fcomments&post=976"}],"version-history":[{"count":2,"href":"https:\/\/pastos.es\/index.php?rest_route=\/wp\/v2\/posts\/976\/revisions"}],"predecessor-version":[{"id":979,"href":"https:\/\/pastos.es\/index.php?rest_route=\/wp\/v2\/posts\/976\/revisions\/979"}],"wp:featuredmedia":[{"embeddable":true,"href":"https:\/\/pastos.es\/index.php?rest_route=\/wp\/v2\/media\/977"}],"wp:attachment":[{"href":"https:\/\/pastos.es\/index.php?rest_route=%2Fwp%2Fv2%2Fmedia&parent=976"}],"wp:term":[{"taxonomy":"category","embeddable":true,"href":"https:\/\/pastos.es\/index.php?rest_route=%2Fwp%2Fv2%2Fcategories&post=976"},{"taxonomy":"post_tag","embeddable":true,"href":"https:\/\/pastos.es\/index.php?rest_route=%2Fwp%2Fv2%2Ftags&post=976"}],"curies":[{"name":"wp","href":"https:\/\/api.w.org\/{rel}","templated":true}]}}