{"id":968,"date":"2019-04-04T07:47:08","date_gmt":"2019-04-04T07:47:08","guid":{"rendered":"https:\/\/pastos.es\/?p=968"},"modified":"2019-04-04T07:47:19","modified_gmt":"2019-04-04T07:47:19","slug":"el-rebano-del-concejo-de-la-mesta-participara-en-el-dia-de-las-vias-pecuarias-reivindicando-la-colada-de-las-latas-en-galapagar-madrid","status":"publish","type":"post","link":"https:\/\/pastos.es\/?p=968","title":{"rendered":"EL REBA\u00d1O DEL CONCEJO DE LA MESTA PARTICIPAR\u00c1 EN EL D\u00cdA DE LAS V\u00cdAS PECUARIAS REIVINDICANDO LA COLADA DE LAS LATAS EN GALAPAGAR (MADRID)"},"content":{"rendered":"<p>Programa 7 de abril 2019:<br \/>\n11 h. Salida del reba\u00f1o trashumante del descansadero del Navazo, en Colmenarejo<br \/>\n12 h. Cruce de la carretera de Galapagar al Escorial para entrar en la Colada de las Latas<br \/>\n13 h. Lectura del Manifiesto en Defensa de las V\u00edas Pecuarias en la Dehesa Vieja de Galapagar. Comida campestre y fiesta popular<br \/>\n18 h. Regreso del reba\u00f1o trashumante a sus pastos de invierno en Colmenarejo<\/p>\n<p><img decoding=\"async\" loading=\"lazy\" class=\"alignnone size-medium wp-image-969\" src=\"https:\/\/pastos.es\/wp-content\/uploads\/2019\/04\/galapagar-7-de-abril-19-192x300.jpg\" alt=\"\" width=\"192\" height=\"300\" srcset=\"https:\/\/pastos.es\/wp-content\/uploads\/2019\/04\/galapagar-7-de-abril-19-192x300.jpg 192w, https:\/\/pastos.es\/wp-content\/uploads\/2019\/04\/galapagar-7-de-abril-19-768x1202.jpg 768w, https:\/\/pastos.es\/wp-content\/uploads\/2019\/04\/galapagar-7-de-abril-19-654x1024.jpg 654w, https:\/\/pastos.es\/wp-content\/uploads\/2019\/04\/galapagar-7-de-abril-19.jpg 1060w\" sizes=\"(max-width: 192px) 100vw, 192px\" \/><\/p>\n","protected":false},"excerpt":{"rendered":"<p>Programa 7 de abril 2019: 11 h. Salida del reba\u00f1o trashumante del descansadero del Navazo, en Colmenarejo 12 h. Cruce de la carretera de Galapagar al Escorial para entrar en la Colada de las Latas 13 h. Lectura del Manifiesto en Defensa de las V\u00edas Pecuarias en la Dehesa Vieja de Galapagar. Comida campestre y [&hellip;]<\/p>\n","protected":false},"author":1,"featured_media":969,"comment_status":"open","ping_status":"open","sticky":false,"template":"","format":"standard","meta":{"_et_pb_use_builder":"","_et_pb_old_content":"","footnotes":""},"categories":[5],"tags":[],"_links":{"self":[{"href":"https:\/\/pastos.es\/index.php?rest_route=\/wp\/v2\/posts\/968"}],"collection":[{"href":"https:\/\/pastos.es\/index.php?rest_route=\/wp\/v2\/posts"}],"about":[{"href":"https:\/\/pastos.es\/index.php?rest_route=\/wp\/v2\/types\/post"}],"author":[{"embeddable":true,"href":"https:\/\/pastos.es\/index.php?rest_route=\/wp\/v2\/users\/1"}],"replies":[{"embeddable":true,"href":"https:\/\/pastos.es\/index.php?rest_route=%2Fwp%2Fv2%2Fcomments&post=968"}],"version-history":[{"count":1,"href":"https:\/\/pastos.es\/index.php?rest_route=\/wp\/v2\/posts\/968\/revisions"}],"predecessor-version":[{"id":970,"href":"https:\/\/pastos.es\/index.php?rest_route=\/wp\/v2\/posts\/968\/revisions\/970"}],"wp:featuredmedia":[{"embeddable":true,"href":"https:\/\/pastos.es\/index.php?rest_route=\/wp\/v2\/media\/969"}],"wp:attachment":[{"href":"https:\/\/pastos.es\/index.php?rest_route=%2Fwp%2Fv2%2Fmedia&parent=968"}],"wp:term":[{"taxonomy":"category","embeddable":true,"href":"https:\/\/pastos.es\/index.php?rest_route=%2Fwp%2Fv2%2Fcategories&post=968"},{"taxonomy":"post_tag","embeddable":true,"href":"https:\/\/pastos.es\/index.php?rest_route=%2Fwp%2Fv2%2Ftags&post=968"}],"curies":[{"name":"wp","href":"https:\/\/api.w.org\/{rel}","templated":true}]}}